{"id":1032,"date":"2025-12-11T10:22:20","date_gmt":"2025-12-11T10:22:20","guid":{"rendered":"https:\/\/senzaconfinitrieste.org\/?p=1032"},"modified":"2025-12-11T10:29:16","modified_gmt":"2025-12-11T10:29:16","slug":"donna-vita-liberta-incontro-con-ala-fariba-e-le-donne-di-gojino","status":"publish","type":"post","link":"https:\/\/senzaconfinitrieste.org\/index.php\/2025\/12\/11\/donna-vita-liberta-incontro-con-ala-fariba-e-le-donne-di-gojino\/","title":{"rendered":"Donna Vita Libert\u00e0: Incontro con Ala, Fariba e le donne di Gojino"},"content":{"rendered":"\n<p>Siamo felici di ospitare nuovamente a Trieste l&#8217;amica Ala Azadkia di Shirin Persia.<br>Domenica 21 dicembre alle ore 11:00 dalla Bottega del Mondo aiutati dalla sua mediazione, ci collegheremo con Fariba dal villaggio di Shafiabad nella regione del Kerman dell&#8217;Iran.<\/p>\n\n\n\n<p>Fariba \u00e8 una giovane donna, socia e tra le fondatrici di Gojino, cooperativa di artigiane ricamatrici, di cui in bottega teniamo gli orecchini ricamati a mano.<\/p>\n\n\n\n<p>La storia di Fariba e del gruppo di donne con cui lavora \u00e8 un esempio di come si traduce nella quotidianit\u00e0 lo slogan Donna Vita Libert\u00e0.<br>Ingresso libero<\/p>\n\n\n\n<figure class=\"wp-block-image size-large\"><img loading=\"lazy\" decoding=\"async\" width=\"819\" height=\"1024\" src=\"https:\/\/senzaconfinitrieste.org\/wp-content\/uploads\/2025\/12\/dom.-2112-h.-1100-819x1024.png\" alt=\"\" class=\"wp-image-1033\" srcset=\"https:\/\/senzaconfinitrieste.org\/wp-content\/uploads\/2025\/12\/dom.-2112-h.-1100-819x1024.png 819w, https:\/\/senzaconfinitrieste.org\/wp-content\/uploads\/2025\/12\/dom.-2112-h.-1100-240x300.png 240w, https:\/\/senzaconfinitrieste.org\/wp-content\/uploads\/2025\/12\/dom.-2112-h.-1100-768x960.png 768w, https:\/\/senzaconfinitrieste.org\/wp-content\/uploads\/2025\/12\/dom.-2112-h.-1100.png 1080w\" sizes=\"auto, (max-width: 819px) 100vw, 819px\" \/><\/figure>\n","protected":false},"excerpt":{"rendered":"<p>Siamo felici di ospitare nuovamente a Trieste l&#8217;amica Ala Azadkia di Shirin Persia.Domenica 21 dicembre alle ore 11:00 dalla Bottega del Mondo aiutati dalla sua mediazione, ci collegheremo con Fariba dal villaggio di Shafiabad nella regione del Kerman dell&#8217;Iran. Fariba \u00e8 una giovane donna, socia e tra le fondatrici di Gojino, cooperativa di artigiane ricamatrici, &hellip; <a href=\"https:\/\/senzaconfinitrieste.org\/index.php\/2025\/12\/11\/donna-vita-liberta-incontro-con-ala-fariba-e-le-donne-di-gojino\/\" class=\"more-link\">Continua a leggere <span class=\"screen-reader-text\">Donna Vita Libert\u00e0: Incontro con Ala, Fariba e le donne di Gojino<\/span> <span class=\"meta-nav\">\t<\/span><\/a><\/p>\n","protected":false},"author":1,"featured_media":1033,"comment_status":"closed","ping_status":"closed","sticky":false,"template":"","format":"standard","meta":{"footnotes":""},"categories":[2],"tags":[],"class_list":["post-1032","post","type-post","status-publish","format-standard","has-post-thumbnail","hentry","category-senza-categoria"],"_links":{"self":[{"href":"https:\/\/senzaconfinitrieste.org\/index.php\/wp-json\/wp\/v2\/posts\/1032","targetHints":{"allow":["GET"]}}],"collection":[{"href":"https:\/\/senzaconfinitrieste.org\/index.php\/wp-json\/wp\/v2\/posts"}],"about":[{"href":"https:\/\/senzaconfinitrieste.org\/index.php\/wp-json\/wp\/v2\/types\/post"}],"author":[{"embeddable":true,"href":"https:\/\/senzaconfinitrieste.org\/index.php\/wp-json\/wp\/v2\/users\/1"}],"replies":[{"embeddable":true,"href":"https:\/\/senzaconfinitrieste.org\/index.php\/wp-json\/wp\/v2\/comments?post=1032"}],"version-history":[{"count":3,"href":"https:\/\/senzaconfinitrieste.org\/index.php\/wp-json\/wp\/v2\/posts\/1032\/revisions"}],"predecessor-version":[{"id":1037,"href":"https:\/\/senzaconfinitrieste.org\/index.php\/wp-json\/wp\/v2\/posts\/1032\/revisions\/1037"}],"wp:featuredmedia":[{"embeddable":true,"href":"https:\/\/senzaconfinitrieste.org\/index.php\/wp-json\/wp\/v2\/media\/1033"}],"wp:attachment":[{"href":"https:\/\/senzaconfinitrieste.org\/index.php\/wp-json\/wp\/v2\/media?parent=1032"}],"wp:term":[{"taxonomy":"category","embeddable":true,"href":"https:\/\/senzaconfinitrieste.org\/index.php\/wp-json\/wp\/v2\/categories?post=1032"},{"taxonomy":"post_tag","embeddable":true,"href":"https:\/\/senzaconfinitrieste.org\/index.php\/wp-json\/wp\/v2\/tags?post=1032"}],"curies":[{"name":"wp","href":"https:\/\/api.w.org\/{rel}","templated":true}]}}